{"id":289,"date":"2010-01-21T21:40:33","date_gmt":"2010-01-21T20:40:33","guid":{"rendered":"http:\/\/www.verein-sonnenblume.de\/php\/?p=289"},"modified":"2016-01-20T09:22:31","modified_gmt":"2016-01-20T08:22:31","slug":"kinderkino","status":"publish","type":"post","link":"https:\/\/www.soblume.de\/?p=289","title":{"rendered":"KinderKino"},"content":{"rendered":"<p>In den Winterferien gibt es wieder eine Auflage unseres <strong>KinderKino<\/strong>s!<\/p>\n<p>Termin: 12. Februar &#8211; 16 Uhr<\/p>\n<p>&gt; Hortkinder holen wir gern auch vom Bus (15:30 Uhr) ab.<br \/>\n&gt; Tel. (035052) 20026 (Fam. Geiger)<\/p>\n<p>Eintritt pro Kind 1 Euro.<\/p>\n<p><strong> <\/strong><\/p>\n<figure id=\"attachment_290\" aria-describedby=\"caption-attachment-290\" style=\"width: 300px\" class=\"wp-caption alignnone\"><strong><img loading=\"lazy\" decoding=\"async\" class=\"size-medium wp-image-290\" title=\"Die Blindg\u00e4nger\" src=\"http:\/\/www.soblume.de\/php\/wp-content\/uploads\/2010\/01\/Blindgaenger-300x157.jpg\" alt=\"Quelle: Deutsches Filminstitut\" width=\"300\" height=\"157\" srcset=\"https:\/\/www.soblume.de\/php\/wp-content\/uploads\/2010\/01\/Blindgaenger-300x157.jpg 300w, https:\/\/www.soblume.de\/php\/wp-content\/uploads\/2010\/01\/Blindgaenger.jpg 315w\" sizes=\"auto, (max-width: 300px) 100vw, 300px\" \/><\/strong><figcaption id=\"caption-attachment-290\" class=\"wp-caption-text\">Quelle: Deutsches Filminstitut<\/figcaption><\/figure>\n<p><strong>Die Blindg\u00e4nger<br \/>\nKinderfilm, ZDF &#8211; Deutschland 2004, 88 Min.<\/strong><\/p>\n<p><strong> <\/strong><\/p>\n<p style=\"text-align: justify;\">Beste Freundinnen mit den \u00fcblichen Teenagersorgen sind die beiden 13-j\u00e4hrigen Marie und Inga. Aber Marie und Inga haben noch ein weiteres Problem &#8211; sie sind blind und leben in einer Schule f\u00fcr Sehbehinderte, deren Schwerpunkt in der Musikausbildung liegt. Als die beiden erfahren, dass eine Sch\u00fclerband Verst\u00e4rkung sucht, sehen sie ihre Chance, die aber schon bald darauf zerschlagen wird. Wegen ihrer Blindheit abgewiesen, lernen sie kurze Zeit sp\u00e4ter den jungen Russlanddeutschen Herbert kennen, der nach Kasachstan zur\u00fcckkehren will. Die drei gr\u00fcnden ein Trio und machen fortan Stra\u00dfenmusik, um das n\u00f6tige Kleingeld zu beschaffen.<\/p>\n<p style=\"text-align: justify;\">Deutscher Filmpreis 2004 in Gold<\/p>\n","protected":false},"excerpt":{"rendered":"<p>In den Winterferien gibt es wieder eine Auflage unseres KinderKinos! Termin: 12. Februar &#8211; 16 Uhr &gt; Hortkinder holen wir gern auch vom Bus (15:30 Uhr) ab. &gt; Tel. (035052) 20026 (Fam. Geiger) Eintritt pro Kind 1 Euro. Die Blindg\u00e4nger Kinderfilm, ZDF &#8211; Deutschland 2004, 88 Min. Beste Freundinnen mit den \u00fcblichen Teenagersorgen sind die [&hellip;]<\/p>\n","protected":false},"author":2,"featured_media":0,"comment_status":"open","ping_status":"closed","sticky":false,"template":"","format":"standard","meta":{"footnotes":""},"categories":[6],"tags":[8,10,9],"class_list":["post-289","post","type-post","status-publish","format-standard","hentry","category-veranstaltungen","tag-kinder","tag-kinderkino","tag-kino"],"_links":{"self":[{"href":"https:\/\/www.soblume.de\/index.php?rest_route=\/wp\/v2\/posts\/289","targetHints":{"allow":["GET"]}}],"collection":[{"href":"https:\/\/www.soblume.de\/index.php?rest_route=\/wp\/v2\/posts"}],"about":[{"href":"https:\/\/www.soblume.de\/index.php?rest_route=\/wp\/v2\/types\/post"}],"author":[{"embeddable":true,"href":"https:\/\/www.soblume.de\/index.php?rest_route=\/wp\/v2\/users\/2"}],"replies":[{"embeddable":true,"href":"https:\/\/www.soblume.de\/index.php?rest_route=%2Fwp%2Fv2%2Fcomments&post=289"}],"version-history":[{"count":0,"href":"https:\/\/www.soblume.de\/index.php?rest_route=\/wp\/v2\/posts\/289\/revisions"}],"wp:attachment":[{"href":"https:\/\/www.soblume.de\/index.php?rest_route=%2Fwp%2Fv2%2Fmedia&parent=289"}],"wp:term":[{"taxonomy":"category","embeddable":true,"href":"https:\/\/www.soblume.de\/index.php?rest_route=%2Fwp%2Fv2%2Fcategories&post=289"},{"taxonomy":"post_tag","embeddable":true,"href":"https:\/\/www.soblume.de\/index.php?rest_route=%2Fwp%2Fv2%2Ftags&post=289"}],"curies":[{"name":"wp","href":"https:\/\/api.w.org\/{rel}","templated":true}]}}