{"id":305,"date":"2010-02-19T14:31:00","date_gmt":"2010-02-19T13:31:00","guid":{"rendered":"http:\/\/www.verein-sonnenblume.de\/?p=305"},"modified":"2010-02-22T14:38:40","modified_gmt":"2010-02-22T13:38:40","slug":"winterabend","status":"publish","type":"post","link":"https:\/\/www.soblume.de\/?p=305","title":{"rendered":"Winterabend"},"content":{"rendered":"<p style=\"text-align: justify;\">Gestern fand im Rahmen der Frauenverw\u00f6hnkreativabende ein Winterm\u00e4rchenabend in der Begegnungsst\u00e4tte &#8222;Sonnenblume&#8220; statt. Frau Sabine L\u00f6tsch aus Schmiedeberg informierte uns \u00fcber die Geschichte der M\u00e4rchen und \u00fcber das Lebensbild von <a href=\"http:\/\/de.wikipedia.org\/wiki\/Hans_Christian_Andersen\" target=\"_blank\">Hans Christian Andersen<\/a>. Sie demonstrierte ihre Ausf\u00fchrungen anhand des <a href=\"http:\/\/www.maerchen.net\/classic\/a-schneegloeckchen.htm\" target=\"_blank\">M\u00e4rchens &#8222;Das Schneegl\u00f6ckchen&#8220;<\/a> von ihm. Umrahmt wurde ihre Lesung durch Querfl\u00f6tenmusik dargeboten von Teresa Hartmann aus Schmiedeberg. In gem\u00fctlicher Atmosph\u00e4re trafen sich 20 Frauen und erlebten einen wundersch\u00f6nen Abend. Mein Dank geht an die Mitwirkenden f\u00fcr Ihre  gro\u00dfe M\u00fche.<\/p>\n","protected":false},"excerpt":{"rendered":"<p>Gestern fand im Rahmen der Frauenverw\u00f6hnkreativabende ein Winterm\u00e4rchenabend in der Begegnungsst\u00e4tte &#8222;Sonnenblume&#8220; statt. Frau Sabine L\u00f6tsch aus Schmiedeberg informierte uns \u00fcber die Geschichte der M\u00e4rchen und \u00fcber das Lebensbild von Hans Christian Andersen. Sie demonstrierte ihre Ausf\u00fchrungen anhand des M\u00e4rchens &#8222;Das Schneegl\u00f6ckchen&#8220; von ihm. Umrahmt wurde ihre Lesung durch Querfl\u00f6tenmusik dargeboten von Teresa Hartmann aus [&hellip;]<\/p>\n","protected":false},"author":1,"featured_media":0,"comment_status":"open","ping_status":"closed","sticky":false,"template":"","format":"standard","meta":{"footnotes":""},"categories":[6],"tags":[],"class_list":["post-305","post","type-post","status-publish","format-standard","hentry","category-veranstaltungen"],"_links":{"self":[{"href":"https:\/\/www.soblume.de\/index.php?rest_route=\/wp\/v2\/posts\/305","targetHints":{"allow":["GET"]}}],"collection":[{"href":"https:\/\/www.soblume.de\/index.php?rest_route=\/wp\/v2\/posts"}],"about":[{"href":"https:\/\/www.soblume.de\/index.php?rest_route=\/wp\/v2\/types\/post"}],"author":[{"embeddable":true,"href":"https:\/\/www.soblume.de\/index.php?rest_route=\/wp\/v2\/users\/1"}],"replies":[{"embeddable":true,"href":"https:\/\/www.soblume.de\/index.php?rest_route=%2Fwp%2Fv2%2Fcomments&post=305"}],"version-history":[{"count":0,"href":"https:\/\/www.soblume.de\/index.php?rest_route=\/wp\/v2\/posts\/305\/revisions"}],"wp:attachment":[{"href":"https:\/\/www.soblume.de\/index.php?rest_route=%2Fwp%2Fv2%2Fmedia&parent=305"}],"wp:term":[{"taxonomy":"category","embeddable":true,"href":"https:\/\/www.soblume.de\/index.php?rest_route=%2Fwp%2Fv2%2Fcategories&post=305"},{"taxonomy":"post_tag","embeddable":true,"href":"https:\/\/www.soblume.de\/index.php?rest_route=%2Fwp%2Fv2%2Ftags&post=305"}],"curies":[{"name":"wp","href":"https:\/\/api.w.org\/{rel}","templated":true}]}}