{"id":3215,"date":"2023-08-30T19:00:47","date_gmt":"2023-08-30T17:00:47","guid":{"rendered":"http:\/\/www.soblume.de\/?p=3215"},"modified":"2023-12-14T21:31:41","modified_gmt":"2023-12-14T20:31:41","slug":"sommerfest-2023-25-jahre-begegnungsstaette","status":"publish","type":"post","link":"https:\/\/www.soblume.de\/?p=3215","title":{"rendered":"Sommerfest 2023 \/ 25 Jahre Begegnungsst\u00e4tte"},"content":{"rendered":"<p>Die Begegnungsst\u00e4tte Sonnenblume wurde bereits vor 25 Jahren als Verein in Schmiedeberg gegr\u00fcndet.\u00a0 <img loading=\"lazy\" decoding=\"async\" class=\"alignright size-full wp-image-963\" src=\"http:\/\/www.soblume.de\/php\/wp-content\/uploads\/2012\/11\/sonnenblume.gif\" alt=\"\" width=\"92\" height=\"90\" \/><\/p>\n<p>Seitdem bem\u00fchen sich die Mitglieder und Mitarbeiter um Begegnungen und soziale Angebote f\u00fcr die Menschen im Ort und der Umgebung.<br \/>\nNach Einschnitten wie dem Jahrhundert-Hochwasser 2002 und der Corona-Pandemie ist jeweils wieder ein neuer Start gelungen.<br \/>\nInzwischen arbeitet die Begegnungsst\u00e4tte unter dem Dach der Evangelisch-Freikirchlichen Gemeinde Schmiedeberg.<\/p>\n<p>Aus Anlass unseres Jubil\u00e4ums laden wir Sie herzlich zu unserem Sommerfest ein.<br \/>\nEs findet am Sonntag, 10. September 2023 ab 14:30Uhr statt.<\/p>\n","protected":false},"excerpt":{"rendered":"<p>Die Begegnungsst\u00e4tte Sonnenblume wurde bereits vor 25 Jahren als Verein in Schmiedeberg gegr\u00fcndet.\u00a0 Seitdem bem\u00fchen sich die Mitglieder und Mitarbeiter um Begegnungen und soziale Angebote f\u00fcr die Menschen im Ort und der Umgebung. Nach Einschnitten wie dem Jahrhundert-Hochwasser 2002 und der Corona-Pandemie ist jeweils wieder ein neuer Start gelungen. Inzwischen arbeitet die Begegnungsst\u00e4tte unter dem [&hellip;]<\/p>\n","protected":false},"author":2,"featured_media":3208,"comment_status":"open","ping_status":"closed","sticky":false,"template":"","format":"standard","meta":{"footnotes":""},"categories":[1,7,6],"tags":[],"class_list":["post-3215","post","type-post","status-publish","format-standard","has-post-thumbnail","hentry","category-allgemein","category-termine","category-veranstaltungen"],"_links":{"self":[{"href":"https:\/\/www.soblume.de\/index.php?rest_route=\/wp\/v2\/posts\/3215","targetHints":{"allow":["GET"]}}],"collection":[{"href":"https:\/\/www.soblume.de\/index.php?rest_route=\/wp\/v2\/posts"}],"about":[{"href":"https:\/\/www.soblume.de\/index.php?rest_route=\/wp\/v2\/types\/post"}],"author":[{"embeddable":true,"href":"https:\/\/www.soblume.de\/index.php?rest_route=\/wp\/v2\/users\/2"}],"replies":[{"embeddable":true,"href":"https:\/\/www.soblume.de\/index.php?rest_route=%2Fwp%2Fv2%2Fcomments&post=3215"}],"version-history":[{"count":2,"href":"https:\/\/www.soblume.de\/index.php?rest_route=\/wp\/v2\/posts\/3215\/revisions"}],"predecessor-version":[{"id":3247,"href":"https:\/\/www.soblume.de\/index.php?rest_route=\/wp\/v2\/posts\/3215\/revisions\/3247"}],"wp:featuredmedia":[{"embeddable":true,"href":"https:\/\/www.soblume.de\/index.php?rest_route=\/wp\/v2\/media\/3208"}],"wp:attachment":[{"href":"https:\/\/www.soblume.de\/index.php?rest_route=%2Fwp%2Fv2%2Fmedia&parent=3215"}],"wp:term":[{"taxonomy":"category","embeddable":true,"href":"https:\/\/www.soblume.de\/index.php?rest_route=%2Fwp%2Fv2%2Fcategories&post=3215"},{"taxonomy":"post_tag","embeddable":true,"href":"https:\/\/www.soblume.de\/index.php?rest_route=%2Fwp%2Fv2%2Ftags&post=3215"}],"curies":[{"name":"wp","href":"https:\/\/api.w.org\/{rel}","templated":true}]}}